{"id":3008,"date":"2024-01-02T12:54:25","date_gmt":"2024-01-02T11:54:25","guid":{"rendered":"https:\/\/isabellerecloux.be\/?p=3008"},"modified":"2024-02-07T14:43:32","modified_gmt":"2024-02-07T13:43:32","slug":"comment-mesurer-limpact-dune-formation-soft-skills","status":"publish","type":"post","link":"https:\/\/isabellerecloux.be\/index.php\/2024\/01\/02\/comment-mesurer-limpact-dune-formation-soft-skills\/","title":{"rendered":"Comment mesurer l&rsquo;impact d&rsquo;une formation soft skills ?"},"content":{"rendered":"\t\t<div data-elementor-type=\"wp-post\" data-elementor-id=\"3008\" class=\"elementor elementor-3008\">\n\t\t\t\t\t\t<section class=\"elementor-section elementor-top-section elementor-element elementor-element-f2239f2 elementor-section-boxed elementor-section-height-default elementor-section-height-default\" data-id=\"f2239f2\" data-element_type=\"section\" data-e-type=\"section\">\n\t\t\t\t\t\t<div class=\"elementor-container elementor-column-gap-default\">\n\t\t\t\t\t<div class=\"elementor-column elementor-col-100 elementor-top-column elementor-element elementor-element-3c83f37\" data-id=\"3c83f37\" data-element_type=\"column\" data-e-type=\"column\">\n\t\t\t<div class=\"elementor-widget-wrap elementor-element-populated\">\n\t\t\t\t\t\t<div class=\"elementor-element elementor-element-ab399c5 elementor-widget elementor-widget-image\" data-id=\"ab399c5\" data-element_type=\"widget\" data-e-type=\"widget\" data-widget_type=\"image.default\">\n\t\t\t\t<div class=\"elementor-widget-container\">\n\t\t\t\t\t\t\t\t\t\t\t\t\t\t\t<img fetchpriority=\"high\" decoding=\"async\" width=\"1024\" height=\"678\" src=\"https:\/\/isabellerecloux.be\/wp-content\/uploads\/2024\/01\/pexels-lukas-590041-1024x678.webp\" class=\"attachment-large size-large wp-image-3011\" alt=\"kpi\" srcset=\"https:\/\/isabellerecloux.be\/wp-content\/uploads\/2024\/01\/pexels-lukas-590041-1024x678.webp 1024w, https:\/\/isabellerecloux.be\/wp-content\/uploads\/2024\/01\/pexels-lukas-590041-300x199.webp 300w, https:\/\/isabellerecloux.be\/wp-content\/uploads\/2024\/01\/pexels-lukas-590041-768x509.webp 768w, https:\/\/isabellerecloux.be\/wp-content\/uploads\/2024\/01\/pexels-lukas-590041-1536x1017.webp 1536w, https:\/\/isabellerecloux.be\/wp-content\/uploads\/2024\/01\/pexels-lukas-590041-scaled.webp 1920w\" sizes=\"(max-width: 1024px) 100vw, 1024px\" \/>\t\t\t\t\t\t\t\t\t\t\t\t\t\t\t<\/div>\n\t\t\t\t<\/div>\n\t\t\t\t\t<\/div>\n\t\t<\/div>\n\t\t\t\t\t<\/div>\n\t\t<\/section>\n\t\t\t\t<section class=\"elementor-section elementor-top-section elementor-element elementor-element-73ebca7 elementor-section-boxed elementor-section-height-default elementor-section-height-default\" data-id=\"73ebca7\" data-element_type=\"section\" data-e-type=\"section\">\n\t\t\t\t\t\t<div class=\"elementor-container elementor-column-gap-default\">\n\t\t\t\t\t<div class=\"elementor-column elementor-col-100 elementor-top-column elementor-element elementor-element-fa8cc96\" data-id=\"fa8cc96\" data-element_type=\"column\" data-e-type=\"column\">\n\t\t\t<div class=\"elementor-widget-wrap elementor-element-populated\">\n\t\t\t\t\t\t<div class=\"elementor-element elementor-element-5b6d3ea elementor-widget elementor-widget-text-editor\" data-id=\"5b6d3ea\" data-element_type=\"widget\" data-e-type=\"widget\" data-widget_type=\"text-editor.default\">\n\t\t\t\t<div class=\"elementor-widget-container\">\n\t\t\t\t\t\t\t\t\t<p><strong>Lorsqu&rsquo;il s&rsquo;agit d&rsquo;investir dans la formation de vos \u00e9quipes, les soft skills jouent un r\u00f4le essentiel, bien que leur \u00e9valuation puisse sembler plus subjective que celle des comp\u00e9tences techniques. Comment mesurer de mani\u00e8re concr\u00e8te l&rsquo;impact des formations en soft skills sur la performance professionnelle de vos collaborateurs? <\/strong><\/p><p><strong>Voici cinq indicateurs cl\u00e9s de performance (KPIs) pour guider votre \u00e9valuation.<\/strong><\/p><p><strong>1. \ud83d\udcc8 Productivit\u00e9 Individuelle : Suivi de la Progression<\/strong><\/p><p>Mesurer la productivit\u00e9 individuelle implique de suivre la progression des membres de l&rsquo;\u00e9quipe en termes de gestion du temps, d&rsquo;efficacit\u00e9 personnelle et de r\u00e9sultats tangibles. Une augmentation de la productivit\u00e9 peut \u00eatre directement attribu\u00e9e \u00e0 l&rsquo;impact positif des soft skills, tels que la gestion du temps et la r\u00e9solution efficace des probl\u00e8mes.<\/p><p><strong>2. \ud83e\udd1d Taux de Satisfaction et d&rsquo;Engagement : L&rsquo;\u00c9cho des Employ\u00e9s<\/strong><\/p><p>Recueillez des retours sur la satisfaction des employ\u00e9s et leur niveau d&rsquo;engagement, id\u00e9alement par le biais d&rsquo;une enqu\u00eate annuelle. Des formations efficaces se traduiront souvent par une \u00e9quipe plus satisfaite et impliqu\u00e9e. Les soft skills, comme la communication et la collaboration, contribuent directement \u00e0 un environnement de travail positif.<\/p><p><strong>3. \ud83d\udd04 Adh\u00e9sion aux Changements : Souplesse Organisationnelle<\/strong><\/p><p>Mesurer la capacit\u00e9 de l&rsquo;\u00e9quipe \u00e0 s&rsquo;adapter aux changements organisationnels est un indicateur crucial des soft skills. Des \u00e9quipes dot\u00e9es de comp\u00e9tences en intelligence \u00e9motionnelle et en r\u00e9silience s&rsquo;adaptent plus rapidement et efficacement aux \u00e9volutions, favorisant ainsi la stabilit\u00e9 et la performance.<\/p><p><strong>4. \ud83d\udcc9 Taux de Turnover : R\u00e9tention des Talents<\/strong><\/p><p>Le turnover est un indicateur incontournable. Une diminution de celui-ci peut indiquer que les soft skills favorisent la r\u00e9tention des talents. Des \u00e9quipes dot\u00e9es de comp\u00e9tences relationnelles solides sont plus susceptibles de cr\u00e9er un environnement de travail attrayant, r\u00e9duisant ainsi le d\u00e9sir de changer d&#8217;emploi.<\/p><p><strong>5. \ud83d\udcca R\u00e9sultats des \u00c9valuations Continues : Mesure de la Ma\u00eetrise<\/strong><\/p><p>Int\u00e9grez des \u00e9valuations r\u00e9guli\u00e8res pour mesurer la ma\u00eetrise des comp\u00e9tences enseign\u00e9es. Un suivi constant permet d&rsquo;ajuster les formations pour un impact maximal. Les \u00e9valuations continues garantissent que les soft skills sont int\u00e9gr\u00e9es de mani\u00e8re durable dans le quotidien professionnel.<\/p><p>****************************************************************<\/p><p>Si vous d\u00e9couvrez cet article, bienvenue! Je suis Isabelle Recloux, formatrice en management, communication et soft skills.<\/p><p>N&rsquo;h\u00e9sitez pas \u00e0 me contacter pour discuter en d\u00e9tail de la mise en place de ces indicateurs.<\/p><p>Ensemble, faisons de 2024 l&rsquo;ann\u00e9e o\u00f9 les comp\u00e9tences humaines sont mises au service de vos objectifs !\u00a0<\/p>\t\t\t\t\t\t\t\t<\/div>\n\t\t\t\t<\/div>\n\t\t\t\t\t<\/div>\n\t\t<\/div>\n\t\t\t\t\t<\/div>\n\t\t<\/section>\n\t\t\t\t<\/div>\n\t\t","protected":false},"excerpt":{"rendered":"<p>Lorsqu&rsquo;il s&rsquo;agit d&rsquo;investir dans la formation de vos \u00e9quipes, les soft skills jouent un r\u00f4le essentiel, bien que leur \u00e9valuation puisse sembler plus subjective que celle des comp\u00e9tences techniques. Comment mesurer de mani\u00e8re concr\u00e8te l&rsquo;impact des formations en soft skills sur la performance professionnelle de vos collaborateurs?<\/p>\n<p>Dans cet article, je vous invite \u00e0 d\u00e9couvrir 5 indicateurs cl\u00e9s de performance (KPIs) pour guider votre \u00e9valuation.<\/p>\n","protected":false},"author":1,"featured_media":3011,"comment_status":"open","ping_status":"open","sticky":false,"template":"","format":"standard","meta":{"_monsterinsights_skip_tracking":false,"_monsterinsights_sitenote_active":false,"_monsterinsights_sitenote_note":"","_monsterinsights_sitenote_category":0,"footnotes":""},"categories":[18,8],"tags":[],"class_list":["post-3008","post","type-post","status-publish","format-standard","has-post-thumbnail","hentry","category-formation","category-management"],"mb":[],"yoast_head":"<!-- This site is optimized with the Yoast SEO plugin v27.5 - https:\/\/yoast.com\/product\/yoast-seo-wordpress\/ -->\n<title>Comment mesurer l&#039;impact d&#039;une formation soft skills ? - Isabelle Recloux Management<\/title>\n<meta name=\"description\" content=\"D\u00e9couvrez 5 KPI&#039;s incontournables pour mesurer l&#039;impact des formations soft skills sur votre \u00e9quipe ! IRM vous accompagne.\" \/>\n<meta name=\"robots\" content=\"index, follow, max-snippet:-1, max-image-preview:large, max-video-preview:-1\" \/>\n<link rel=\"canonical\" href=\"https:\/\/isabellerecloux.be\/index.php\/2024\/01\/02\/comment-mesurer-limpact-dune-formation-soft-skills\/\" \/>\n<meta property=\"og:locale\" content=\"fr_FR\" \/>\n<meta property=\"og:type\" content=\"article\" \/>\n<meta property=\"og:title\" content=\"Comment mesurer l&#039;impact d&#039;une formation soft skills ? - Isabelle Recloux Management\" \/>\n<meta property=\"og:description\" content=\"D\u00e9couvrez 5 KPI&#039;s incontournables pour mesurer l&#039;impact des formations soft skills sur votre \u00e9quipe ! IRM vous accompagne.\" \/>\n<meta property=\"og:url\" content=\"https:\/\/isabellerecloux.be\/index.php\/2024\/01\/02\/comment-mesurer-limpact-dune-formation-soft-skills\/\" \/>\n<meta property=\"og:site_name\" content=\"Isabelle Recloux Management\" \/>\n<meta property=\"article:publisher\" content=\"https:\/\/facebook.com\/isabellereclouxmanagement\" \/>\n<meta property=\"article:published_time\" content=\"2024-01-02T11:54:25+00:00\" \/>\n<meta property=\"article:modified_time\" content=\"2024-02-07T13:43:32+00:00\" \/>\n<meta property=\"og:image\" content=\"https:\/\/isabellerecloux.be\/wp-content\/uploads\/2024\/01\/pexels-lukas-590041-scaled.webp\" \/>\n\t<meta property=\"og:image:width\" content=\"1920\" \/>\n\t<meta property=\"og:image:height\" content=\"1271\" \/>\n\t<meta property=\"og:image:type\" content=\"image\/jpeg\" \/>\n<meta name=\"author\" content=\"Isabelle Recloux\" \/>\n<meta name=\"twitter:card\" content=\"summary_large_image\" \/>\n<meta name=\"twitter:label1\" content=\"\u00c9crit par\" \/>\n\t<meta name=\"twitter:data1\" content=\"Isabelle Recloux\" \/>\n\t<meta name=\"twitter:label2\" content=\"Dur\u00e9e de lecture estim\u00e9e\" \/>\n\t<meta name=\"twitter:data2\" content=\"3 minutes\" \/>\n<script type=\"application\/ld+json\" class=\"yoast-schema-graph\">{\"@context\":\"https:\\\/\\\/schema.org\",\"@graph\":[{\"@type\":\"Article\",\"@id\":\"https:\\\/\\\/isabellerecloux.be\\\/index.php\\\/2024\\\/01\\\/02\\\/comment-mesurer-limpact-dune-formation-soft-skills\\\/#article\",\"isPartOf\":{\"@id\":\"https:\\\/\\\/isabellerecloux.be\\\/index.php\\\/2024\\\/01\\\/02\\\/comment-mesurer-limpact-dune-formation-soft-skills\\\/\"},\"author\":{\"name\":\"Isabelle Recloux\",\"@id\":\"https:\\\/\\\/isabellerecloux.be\\\/#\\\/schema\\\/person\\\/cee8decad06f1f29ab45b6942492dd30\"},\"headline\":\"Comment mesurer l&rsquo;impact d&rsquo;une formation soft skills ?\",\"datePublished\":\"2024-01-02T11:54:25+00:00\",\"dateModified\":\"2024-02-07T13:43:32+00:00\",\"mainEntityOfPage\":{\"@id\":\"https:\\\/\\\/isabellerecloux.be\\\/index.php\\\/2024\\\/01\\\/02\\\/comment-mesurer-limpact-dune-formation-soft-skills\\\/\"},\"wordCount\":431,\"commentCount\":0,\"publisher\":{\"@id\":\"https:\\\/\\\/isabellerecloux.be\\\/#organization\"},\"image\":{\"@id\":\"https:\\\/\\\/isabellerecloux.be\\\/index.php\\\/2024\\\/01\\\/02\\\/comment-mesurer-limpact-dune-formation-soft-skills\\\/#primaryimage\"},\"thumbnailUrl\":\"https:\\\/\\\/isabellerecloux.be\\\/wp-content\\\/uploads\\\/2024\\\/01\\\/pexels-lukas-590041-scaled.webp\",\"articleSection\":[\"Formation\",\"Management\"],\"inLanguage\":\"fr-FR\",\"potentialAction\":[{\"@type\":\"CommentAction\",\"name\":\"Comment\",\"target\":[\"https:\\\/\\\/isabellerecloux.be\\\/index.php\\\/2024\\\/01\\\/02\\\/comment-mesurer-limpact-dune-formation-soft-skills\\\/#respond\"]}]},{\"@type\":\"WebPage\",\"@id\":\"https:\\\/\\\/isabellerecloux.be\\\/index.php\\\/2024\\\/01\\\/02\\\/comment-mesurer-limpact-dune-formation-soft-skills\\\/\",\"url\":\"https:\\\/\\\/isabellerecloux.be\\\/index.php\\\/2024\\\/01\\\/02\\\/comment-mesurer-limpact-dune-formation-soft-skills\\\/\",\"name\":\"Comment mesurer l'impact d'une formation soft skills ? - Isabelle Recloux Management\",\"isPartOf\":{\"@id\":\"https:\\\/\\\/isabellerecloux.be\\\/#website\"},\"primaryImageOfPage\":{\"@id\":\"https:\\\/\\\/isabellerecloux.be\\\/index.php\\\/2024\\\/01\\\/02\\\/comment-mesurer-limpact-dune-formation-soft-skills\\\/#primaryimage\"},\"image\":{\"@id\":\"https:\\\/\\\/isabellerecloux.be\\\/index.php\\\/2024\\\/01\\\/02\\\/comment-mesurer-limpact-dune-formation-soft-skills\\\/#primaryimage\"},\"thumbnailUrl\":\"https:\\\/\\\/isabellerecloux.be\\\/wp-content\\\/uploads\\\/2024\\\/01\\\/pexels-lukas-590041-scaled.webp\",\"datePublished\":\"2024-01-02T11:54:25+00:00\",\"dateModified\":\"2024-02-07T13:43:32+00:00\",\"description\":\"D\u00e9couvrez 5 KPI's incontournables pour mesurer l'impact des formations soft skills sur votre \u00e9quipe ! IRM vous accompagne.\",\"breadcrumb\":{\"@id\":\"https:\\\/\\\/isabellerecloux.be\\\/index.php\\\/2024\\\/01\\\/02\\\/comment-mesurer-limpact-dune-formation-soft-skills\\\/#breadcrumb\"},\"inLanguage\":\"fr-FR\",\"potentialAction\":[{\"@type\":\"ReadAction\",\"target\":[\"https:\\\/\\\/isabellerecloux.be\\\/index.php\\\/2024\\\/01\\\/02\\\/comment-mesurer-limpact-dune-formation-soft-skills\\\/\"]}]},{\"@type\":\"ImageObject\",\"inLanguage\":\"fr-FR\",\"@id\":\"https:\\\/\\\/isabellerecloux.be\\\/index.php\\\/2024\\\/01\\\/02\\\/comment-mesurer-limpact-dune-formation-soft-skills\\\/#primaryimage\",\"url\":\"https:\\\/\\\/isabellerecloux.be\\\/wp-content\\\/uploads\\\/2024\\\/01\\\/pexels-lukas-590041-scaled.webp\",\"contentUrl\":\"https:\\\/\\\/isabellerecloux.be\\\/wp-content\\\/uploads\\\/2024\\\/01\\\/pexels-lukas-590041-scaled.webp\",\"width\":1920,\"height\":1271,\"caption\":\"kpi\"},{\"@type\":\"BreadcrumbList\",\"@id\":\"https:\\\/\\\/isabellerecloux.be\\\/index.php\\\/2024\\\/01\\\/02\\\/comment-mesurer-limpact-dune-formation-soft-skills\\\/#breadcrumb\",\"itemListElement\":[{\"@type\":\"ListItem\",\"position\":1,\"name\":\"Accueil\",\"item\":\"https:\\\/\\\/isabellerecloux.be\\\/\"},{\"@type\":\"ListItem\",\"position\":2,\"name\":\"Comment mesurer l&rsquo;impact d&rsquo;une formation soft skills ?\"}]},{\"@type\":\"WebSite\",\"@id\":\"https:\\\/\\\/isabellerecloux.be\\\/#website\",\"url\":\"https:\\\/\\\/isabellerecloux.be\\\/\",\"name\":\"Isabelle Recloux Management\",\"description\":\"Formation - Consultance - Accompagnement\",\"publisher\":{\"@id\":\"https:\\\/\\\/isabellerecloux.be\\\/#organization\"},\"potentialAction\":[{\"@type\":\"SearchAction\",\"target\":{\"@type\":\"EntryPoint\",\"urlTemplate\":\"https:\\\/\\\/isabellerecloux.be\\\/?s={search_term_string}\"},\"query-input\":{\"@type\":\"PropertyValueSpecification\",\"valueRequired\":true,\"valueName\":\"search_term_string\"}}],\"inLanguage\":\"fr-FR\"},{\"@type\":\"Organization\",\"@id\":\"https:\\\/\\\/isabellerecloux.be\\\/#organization\",\"name\":\"Isabelle Recloux Management\",\"alternateName\":\"Isabelle Recloux\",\"url\":\"https:\\\/\\\/isabellerecloux.be\\\/\",\"logo\":{\"@type\":\"ImageObject\",\"inLanguage\":\"fr-FR\",\"@id\":\"https:\\\/\\\/isabellerecloux.be\\\/#\\\/schema\\\/logo\\\/image\\\/\",\"url\":\"https:\\\/\\\/isabellerecloux.be\\\/wp-content\\\/uploads\\\/2023\\\/06\\\/cropped-Logo-IRM.png\",\"contentUrl\":\"https:\\\/\\\/isabellerecloux.be\\\/wp-content\\\/uploads\\\/2023\\\/06\\\/cropped-Logo-IRM.png\",\"width\":512,\"height\":512,\"caption\":\"Isabelle Recloux Management\"},\"image\":{\"@id\":\"https:\\\/\\\/isabellerecloux.be\\\/#\\\/schema\\\/logo\\\/image\\\/\"},\"sameAs\":[\"https:\\\/\\\/facebook.com\\\/isabellereclouxmanagement\",\"https:\\\/\\\/www.linkedin.com\\\/in\\\/isabellerecloux\\\/\"]},{\"@type\":\"Person\",\"@id\":\"https:\\\/\\\/isabellerecloux.be\\\/#\\\/schema\\\/person\\\/cee8decad06f1f29ab45b6942492dd30\",\"name\":\"Isabelle Recloux\",\"image\":{\"@type\":\"ImageObject\",\"inLanguage\":\"fr-FR\",\"@id\":\"https:\\\/\\\/secure.gravatar.com\\\/avatar\\\/4cb8ea5d568e82d4e4e8bf7331b9c0fc899562cbd79988794086a752df0fc671?s=96&d=mm&r=g\",\"url\":\"https:\\\/\\\/secure.gravatar.com\\\/avatar\\\/4cb8ea5d568e82d4e4e8bf7331b9c0fc899562cbd79988794086a752df0fc671?s=96&d=mm&r=g\",\"contentUrl\":\"https:\\\/\\\/secure.gravatar.com\\\/avatar\\\/4cb8ea5d568e82d4e4e8bf7331b9c0fc899562cbd79988794086a752df0fc671?s=96&d=mm&r=g\",\"caption\":\"Isabelle Recloux\"},\"sameAs\":[\"https:\\\/\\\/isabellerecloux.be\"],\"url\":\"https:\\\/\\\/isabellerecloux.be\\\/index.php\\\/author\\\/admin6529\\\/\"}]}<\/script>\n<!-- \/ Yoast SEO plugin. -->","yoast_head_json":{"title":"Comment mesurer l'impact d'une formation soft skills ? - Isabelle Recloux Management","description":"D\u00e9couvrez 5 KPI's incontournables pour mesurer l'impact des formations soft skills sur votre \u00e9quipe ! IRM vous accompagne.","robots":{"index":"index","follow":"follow","max-snippet":"max-snippet:-1","max-image-preview":"max-image-preview:large","max-video-preview":"max-video-preview:-1"},"canonical":"https:\/\/isabellerecloux.be\/index.php\/2024\/01\/02\/comment-mesurer-limpact-dune-formation-soft-skills\/","og_locale":"fr_FR","og_type":"article","og_title":"Comment mesurer l'impact d'une formation soft skills ? - Isabelle Recloux Management","og_description":"D\u00e9couvrez 5 KPI's incontournables pour mesurer l'impact des formations soft skills sur votre \u00e9quipe ! IRM vous accompagne.","og_url":"https:\/\/isabellerecloux.be\/index.php\/2024\/01\/02\/comment-mesurer-limpact-dune-formation-soft-skills\/","og_site_name":"Isabelle Recloux Management","article_publisher":"https:\/\/facebook.com\/isabellereclouxmanagement","article_published_time":"2024-01-02T11:54:25+00:00","article_modified_time":"2024-02-07T13:43:32+00:00","og_image":[{"width":1920,"height":1271,"url":"https:\/\/isabellerecloux.be\/wp-content\/uploads\/2024\/01\/pexels-lukas-590041-scaled.webp","type":"image\/jpeg"}],"author":"Isabelle Recloux","twitter_card":"summary_large_image","twitter_misc":{"\u00c9crit par":"Isabelle Recloux","Dur\u00e9e de lecture estim\u00e9e":"3 minutes"},"schema":{"@context":"https:\/\/schema.org","@graph":[{"@type":"Article","@id":"https:\/\/isabellerecloux.be\/index.php\/2024\/01\/02\/comment-mesurer-limpact-dune-formation-soft-skills\/#article","isPartOf":{"@id":"https:\/\/isabellerecloux.be\/index.php\/2024\/01\/02\/comment-mesurer-limpact-dune-formation-soft-skills\/"},"author":{"name":"Isabelle Recloux","@id":"https:\/\/isabellerecloux.be\/#\/schema\/person\/cee8decad06f1f29ab45b6942492dd30"},"headline":"Comment mesurer l&rsquo;impact d&rsquo;une formation soft skills ?","datePublished":"2024-01-02T11:54:25+00:00","dateModified":"2024-02-07T13:43:32+00:00","mainEntityOfPage":{"@id":"https:\/\/isabellerecloux.be\/index.php\/2024\/01\/02\/comment-mesurer-limpact-dune-formation-soft-skills\/"},"wordCount":431,"commentCount":0,"publisher":{"@id":"https:\/\/isabellerecloux.be\/#organization"},"image":{"@id":"https:\/\/isabellerecloux.be\/index.php\/2024\/01\/02\/comment-mesurer-limpact-dune-formation-soft-skills\/#primaryimage"},"thumbnailUrl":"https:\/\/isabellerecloux.be\/wp-content\/uploads\/2024\/01\/pexels-lukas-590041-scaled.webp","articleSection":["Formation","Management"],"inLanguage":"fr-FR","potentialAction":[{"@type":"CommentAction","name":"Comment","target":["https:\/\/isabellerecloux.be\/index.php\/2024\/01\/02\/comment-mesurer-limpact-dune-formation-soft-skills\/#respond"]}]},{"@type":"WebPage","@id":"https:\/\/isabellerecloux.be\/index.php\/2024\/01\/02\/comment-mesurer-limpact-dune-formation-soft-skills\/","url":"https:\/\/isabellerecloux.be\/index.php\/2024\/01\/02\/comment-mesurer-limpact-dune-formation-soft-skills\/","name":"Comment mesurer l'impact d'une formation soft skills ? - Isabelle Recloux Management","isPartOf":{"@id":"https:\/\/isabellerecloux.be\/#website"},"primaryImageOfPage":{"@id":"https:\/\/isabellerecloux.be\/index.php\/2024\/01\/02\/comment-mesurer-limpact-dune-formation-soft-skills\/#primaryimage"},"image":{"@id":"https:\/\/isabellerecloux.be\/index.php\/2024\/01\/02\/comment-mesurer-limpact-dune-formation-soft-skills\/#primaryimage"},"thumbnailUrl":"https:\/\/isabellerecloux.be\/wp-content\/uploads\/2024\/01\/pexels-lukas-590041-scaled.webp","datePublished":"2024-01-02T11:54:25+00:00","dateModified":"2024-02-07T13:43:32+00:00","description":"D\u00e9couvrez 5 KPI's incontournables pour mesurer l'impact des formations soft skills sur votre \u00e9quipe ! IRM vous accompagne.","breadcrumb":{"@id":"https:\/\/isabellerecloux.be\/index.php\/2024\/01\/02\/comment-mesurer-limpact-dune-formation-soft-skills\/#breadcrumb"},"inLanguage":"fr-FR","potentialAction":[{"@type":"ReadAction","target":["https:\/\/isabellerecloux.be\/index.php\/2024\/01\/02\/comment-mesurer-limpact-dune-formation-soft-skills\/"]}]},{"@type":"ImageObject","inLanguage":"fr-FR","@id":"https:\/\/isabellerecloux.be\/index.php\/2024\/01\/02\/comment-mesurer-limpact-dune-formation-soft-skills\/#primaryimage","url":"https:\/\/isabellerecloux.be\/wp-content\/uploads\/2024\/01\/pexels-lukas-590041-scaled.webp","contentUrl":"https:\/\/isabellerecloux.be\/wp-content\/uploads\/2024\/01\/pexels-lukas-590041-scaled.webp","width":1920,"height":1271,"caption":"kpi"},{"@type":"BreadcrumbList","@id":"https:\/\/isabellerecloux.be\/index.php\/2024\/01\/02\/comment-mesurer-limpact-dune-formation-soft-skills\/#breadcrumb","itemListElement":[{"@type":"ListItem","position":1,"name":"Accueil","item":"https:\/\/isabellerecloux.be\/"},{"@type":"ListItem","position":2,"name":"Comment mesurer l&rsquo;impact d&rsquo;une formation soft skills ?"}]},{"@type":"WebSite","@id":"https:\/\/isabellerecloux.be\/#website","url":"https:\/\/isabellerecloux.be\/","name":"Isabelle Recloux Management","description":"Formation - Consultance - Accompagnement","publisher":{"@id":"https:\/\/isabellerecloux.be\/#organization"},"potentialAction":[{"@type":"SearchAction","target":{"@type":"EntryPoint","urlTemplate":"https:\/\/isabellerecloux.be\/?s={search_term_string}"},"query-input":{"@type":"PropertyValueSpecification","valueRequired":true,"valueName":"search_term_string"}}],"inLanguage":"fr-FR"},{"@type":"Organization","@id":"https:\/\/isabellerecloux.be\/#organization","name":"Isabelle Recloux Management","alternateName":"Isabelle Recloux","url":"https:\/\/isabellerecloux.be\/","logo":{"@type":"ImageObject","inLanguage":"fr-FR","@id":"https:\/\/isabellerecloux.be\/#\/schema\/logo\/image\/","url":"https:\/\/isabellerecloux.be\/wp-content\/uploads\/2023\/06\/cropped-Logo-IRM.png","contentUrl":"https:\/\/isabellerecloux.be\/wp-content\/uploads\/2023\/06\/cropped-Logo-IRM.png","width":512,"height":512,"caption":"Isabelle Recloux Management"},"image":{"@id":"https:\/\/isabellerecloux.be\/#\/schema\/logo\/image\/"},"sameAs":["https:\/\/facebook.com\/isabellereclouxmanagement","https:\/\/www.linkedin.com\/in\/isabellerecloux\/"]},{"@type":"Person","@id":"https:\/\/isabellerecloux.be\/#\/schema\/person\/cee8decad06f1f29ab45b6942492dd30","name":"Isabelle Recloux","image":{"@type":"ImageObject","inLanguage":"fr-FR","@id":"https:\/\/secure.gravatar.com\/avatar\/4cb8ea5d568e82d4e4e8bf7331b9c0fc899562cbd79988794086a752df0fc671?s=96&d=mm&r=g","url":"https:\/\/secure.gravatar.com\/avatar\/4cb8ea5d568e82d4e4e8bf7331b9c0fc899562cbd79988794086a752df0fc671?s=96&d=mm&r=g","contentUrl":"https:\/\/secure.gravatar.com\/avatar\/4cb8ea5d568e82d4e4e8bf7331b9c0fc899562cbd79988794086a752df0fc671?s=96&d=mm&r=g","caption":"Isabelle Recloux"},"sameAs":["https:\/\/isabellerecloux.be"],"url":"https:\/\/isabellerecloux.be\/index.php\/author\/admin6529\/"}]}},"mfb_rest_fields":["title","yoast_head","yoast_head_json","gutenberg_elementor_mode"],"_links":{"self":[{"href":"https:\/\/isabellerecloux.be\/index.php\/wp-json\/wp\/v2\/posts\/3008","targetHints":{"allow":["GET"]}}],"collection":[{"href":"https:\/\/isabellerecloux.be\/index.php\/wp-json\/wp\/v2\/posts"}],"about":[{"href":"https:\/\/isabellerecloux.be\/index.php\/wp-json\/wp\/v2\/types\/post"}],"author":[{"embeddable":true,"href":"https:\/\/isabellerecloux.be\/index.php\/wp-json\/wp\/v2\/users\/1"}],"replies":[{"embeddable":true,"href":"https:\/\/isabellerecloux.be\/index.php\/wp-json\/wp\/v2\/comments?post=3008"}],"version-history":[{"count":13,"href":"https:\/\/isabellerecloux.be\/index.php\/wp-json\/wp\/v2\/posts\/3008\/revisions"}],"predecessor-version":[{"id":3573,"href":"https:\/\/isabellerecloux.be\/index.php\/wp-json\/wp\/v2\/posts\/3008\/revisions\/3573"}],"wp:featuredmedia":[{"embeddable":true,"href":"https:\/\/isabellerecloux.be\/index.php\/wp-json\/wp\/v2\/media\/3011"}],"wp:attachment":[{"href":"https:\/\/isabellerecloux.be\/index.php\/wp-json\/wp\/v2\/media?parent=3008"}],"wp:term":[{"taxonomy":"category","embeddable":true,"href":"https:\/\/isabellerecloux.be\/index.php\/wp-json\/wp\/v2\/categories?post=3008"},{"taxonomy":"post_tag","embeddable":true,"href":"https:\/\/isabellerecloux.be\/index.php\/wp-json\/wp\/v2\/tags?post=3008"}],"curies":[{"name":"wp","href":"https:\/\/api.w.org\/{rel}","templated":true}]}}