{"id":2832,"date":"2023-12-11T10:44:13","date_gmt":"2023-12-11T09:44:13","guid":{"rendered":"https:\/\/isabellerecloux.be\/?p=2832"},"modified":"2024-02-07T14:49:11","modified_gmt":"2024-02-07T13:49:11","slug":"atelier-canva","status":"publish","type":"post","link":"https:\/\/isabellerecloux.be\/index.php\/2023\/12\/11\/atelier-canva\/","title":{"rendered":"Retour en images sur l&rsquo;atelier Canva du 07\/12\/2023"},"content":{"rendered":"\t\t<div data-elementor-type=\"wp-post\" data-elementor-id=\"2832\" class=\"elementor elementor-2832\">\n\t\t\t\t\t\t<section class=\"elementor-section elementor-top-section elementor-element elementor-element-c837c33 elementor-section-boxed elementor-section-height-default elementor-section-height-default\" data-id=\"c837c33\" data-element_type=\"section\" data-e-type=\"section\">\n\t\t\t\t\t\t<div class=\"elementor-container elementor-column-gap-default\">\n\t\t\t\t\t<div class=\"elementor-column elementor-col-100 elementor-top-column elementor-element elementor-element-7b3ef9c\" data-id=\"7b3ef9c\" data-element_type=\"column\" data-e-type=\"column\">\n\t\t\t<div class=\"elementor-widget-wrap elementor-element-populated\">\n\t\t\t\t\t\t<div class=\"elementor-element elementor-element-5ba3372 elementor-widget elementor-widget-text-editor\" data-id=\"5ba3372\" data-element_type=\"widget\" data-e-type=\"widget\" data-widget_type=\"text-editor.default\">\n\t\t\t\t<div class=\"elementor-widget-container\">\n\t\t\t\t\t\t\t\t\t<p>Ce 07 d\u00e9cembre, j&rsquo;ai organis\u00e9 mon premier atelier pratique de 2h en pr\u00e9sentiel \u00e0 Binche : \u00ab\u00a0Apprendre \u00e0 utiliser Canva pour publier sur les r\u00e9seaux sociaux\u00a0\u00bb.<\/p><p>Et ce fut un succ\u00e8s !<\/p><p>14 entrepreneurs bien d\u00e9cid\u00e9s \u00e0 monter en comp\u00e9tences !<\/p><p>Voici quelques images de cette soir\u00e9e m\u00e9morable.<\/p><p>Les prochaines dates arrivent tr\u00e8s bient\u00f4t !<\/p>\t\t\t\t\t\t\t\t<\/div>\n\t\t\t\t<\/div>\n\t\t\t\t\t<\/div>\n\t\t<\/div>\n\t\t\t\t\t<\/div>\n\t\t<\/section>\n\t\t\t\t<section class=\"elementor-section elementor-top-section elementor-element elementor-element-6c9b97e elementor-section-boxed elementor-section-height-default elementor-section-height-default\" data-id=\"6c9b97e\" data-element_type=\"section\" data-e-type=\"section\">\n\t\t\t\t\t\t<div class=\"elementor-container elementor-column-gap-default\">\n\t\t\t\t\t<div class=\"elementor-column elementor-col-33 elementor-top-column elementor-element elementor-element-076506a\" data-id=\"076506a\" data-element_type=\"column\" data-e-type=\"column\">\n\t\t\t<div class=\"elementor-widget-wrap elementor-element-populated\">\n\t\t\t\t\t\t<div class=\"elementor-element elementor-element-be699fb elementor-widget elementor-widget-image\" data-id=\"be699fb\" data-element_type=\"widget\" data-e-type=\"widget\" data-widget_type=\"image.default\">\n\t\t\t\t<div class=\"elementor-widget-container\">\n\t\t\t\t\t\t\t\t\t\t\t\t\t\t\t<img fetchpriority=\"high\" decoding=\"async\" width=\"1024\" height=\"683\" src=\"https:\/\/isabellerecloux.be\/wp-content\/uploads\/2023\/12\/DSC02940-1024x683.webp\" class=\"attachment-large size-large wp-image-2821\" alt=\"atelier pratique Canva\" srcset=\"https:\/\/isabellerecloux.be\/wp-content\/uploads\/2023\/12\/DSC02940-1024x683.webp 1024w, https:\/\/isabellerecloux.be\/wp-content\/uploads\/2023\/12\/DSC02940-300x200.webp 300w, https:\/\/isabellerecloux.be\/wp-content\/uploads\/2023\/12\/DSC02940-768x512.webp 768w, https:\/\/isabellerecloux.be\/wp-content\/uploads\/2023\/12\/DSC02940-1536x1024.webp 1536w, https:\/\/isabellerecloux.be\/wp-content\/uploads\/2023\/12\/DSC02940-2048x1365.jpg 2048w, https:\/\/isabellerecloux.be\/wp-content\/uploads\/2023\/12\/DSC02940-scaled.webp 1920w\" sizes=\"(max-width: 1024px) 100vw, 1024px\" \/>\t\t\t\t\t\t\t\t\t\t\t\t\t\t\t<\/div>\n\t\t\t\t<\/div>\n\t\t\t\t\t<\/div>\n\t\t<\/div>\n\t\t\t\t<div class=\"elementor-column elementor-col-33 elementor-top-column elementor-element elementor-element-4d60601\" data-id=\"4d60601\" data-element_type=\"column\" data-e-type=\"column\">\n\t\t\t<div class=\"elementor-widget-wrap elementor-element-populated\">\n\t\t\t\t\t\t<div class=\"elementor-element elementor-element-858a3f8 elementor-widget elementor-widget-image\" data-id=\"858a3f8\" data-element_type=\"widget\" data-e-type=\"widget\" data-widget_type=\"image.default\">\n\t\t\t\t<div class=\"elementor-widget-container\">\n\t\t\t\t\t\t\t\t\t\t\t\t\t\t\t<img decoding=\"async\" width=\"1024\" height=\"683\" src=\"https:\/\/isabellerecloux.be\/wp-content\/uploads\/2023\/12\/DSC02933-1024x683.webp\" class=\"attachment-large size-large wp-image-2823\" alt=\"Atelier Canva\" srcset=\"https:\/\/isabellerecloux.be\/wp-content\/uploads\/2023\/12\/DSC02933-1024x683.webp 1024w, https:\/\/isabellerecloux.be\/wp-content\/uploads\/2023\/12\/DSC02933-300x200.webp 300w, https:\/\/isabellerecloux.be\/wp-content\/uploads\/2023\/12\/DSC02933-768x512.webp 768w, https:\/\/isabellerecloux.be\/wp-content\/uploads\/2023\/12\/DSC02933-1536x1024.webp 1536w, https:\/\/isabellerecloux.be\/wp-content\/uploads\/2023\/12\/DSC02933-scaled.webp 1920w\" sizes=\"(max-width: 1024px) 100vw, 1024px\" \/>\t\t\t\t\t\t\t\t\t\t\t\t\t\t\t<\/div>\n\t\t\t\t<\/div>\n\t\t\t\t\t<\/div>\n\t\t<\/div>\n\t\t\t\t<div class=\"elementor-column elementor-col-33 elementor-top-column elementor-element elementor-element-5a53479\" data-id=\"5a53479\" data-element_type=\"column\" data-e-type=\"column\">\n\t\t\t<div class=\"elementor-widget-wrap elementor-element-populated\">\n\t\t\t\t\t\t<div class=\"elementor-element elementor-element-beb3ae4 elementor-widget elementor-widget-image\" data-id=\"beb3ae4\" data-element_type=\"widget\" data-e-type=\"widget\" data-widget_type=\"image.default\">\n\t\t\t\t<div class=\"elementor-widget-container\">\n\t\t\t\t\t\t\t\t\t\t\t\t\t\t\t<img decoding=\"async\" width=\"1024\" height=\"683\" src=\"https:\/\/isabellerecloux.be\/wp-content\/uploads\/2023\/12\/DSC02910-1024x683.webp\" class=\"attachment-large size-large wp-image-2824\" alt=\"Atelier Canva pour publier sur Facebook - d\u00e9cembre 2023\" srcset=\"https:\/\/isabellerecloux.be\/wp-content\/uploads\/2023\/12\/DSC02910-1024x683.webp 1024w, https:\/\/isabellerecloux.be\/wp-content\/uploads\/2023\/12\/DSC02910-300x200.webp 300w, https:\/\/isabellerecloux.be\/wp-content\/uploads\/2023\/12\/DSC02910-768x512.webp 768w, https:\/\/isabellerecloux.be\/wp-content\/uploads\/2023\/12\/DSC02910-1536x1024.webp 1536w, https:\/\/isabellerecloux.be\/wp-content\/uploads\/2023\/12\/DSC02910-scaled.webp 1920w\" sizes=\"(max-width: 1024px) 100vw, 1024px\" \/>\t\t\t\t\t\t\t\t\t\t\t\t\t\t\t<\/div>\n\t\t\t\t<\/div>\n\t\t\t\t\t<\/div>\n\t\t<\/div>\n\t\t\t\t\t<\/div>\n\t\t<\/section>\n\t\t\t\t<section class=\"elementor-section elementor-top-section elementor-element elementor-element-1cb34e7 elementor-section-boxed elementor-section-height-default elementor-section-height-default\" data-id=\"1cb34e7\" data-element_type=\"section\" data-e-type=\"section\">\n\t\t\t\t\t\t<div class=\"elementor-container elementor-column-gap-default\">\n\t\t\t\t\t<div class=\"elementor-column elementor-col-33 elementor-top-column elementor-element elementor-element-fd37317\" data-id=\"fd37317\" data-element_type=\"column\" data-e-type=\"column\">\n\t\t\t<div class=\"elementor-widget-wrap elementor-element-populated\">\n\t\t\t\t\t\t<div class=\"elementor-element elementor-element-127017e elementor-widget elementor-widget-image\" data-id=\"127017e\" data-element_type=\"widget\" data-e-type=\"widget\" data-widget_type=\"image.default\">\n\t\t\t\t<div class=\"elementor-widget-container\">\n\t\t\t\t\t\t\t\t\t\t\t\t\t\t\t<img loading=\"lazy\" decoding=\"async\" width=\"683\" height=\"1024\" src=\"https:\/\/isabellerecloux.be\/wp-content\/uploads\/2023\/12\/DSC02916-683x1024.webp\" class=\"attachment-large size-large wp-image-2825\" alt=\"Atelier Canva d\u00e9cembre 2023\" srcset=\"https:\/\/isabellerecloux.be\/wp-content\/uploads\/2023\/12\/DSC02916-683x1024.webp 683w, https:\/\/isabellerecloux.be\/wp-content\/uploads\/2023\/12\/DSC02916-200x300.webp 200w, https:\/\/isabellerecloux.be\/wp-content\/uploads\/2023\/12\/DSC02916-768x1152.webp 768w, https:\/\/isabellerecloux.be\/wp-content\/uploads\/2023\/12\/DSC02916-1024x1536.webp 1024w, https:\/\/isabellerecloux.be\/wp-content\/uploads\/2023\/12\/DSC02916-scaled.webp 1280w\" sizes=\"(max-width: 683px) 100vw, 683px\" \/>\t\t\t\t\t\t\t\t\t\t\t\t\t\t\t<\/div>\n\t\t\t\t<\/div>\n\t\t\t\t\t<\/div>\n\t\t<\/div>\n\t\t\t\t<div class=\"elementor-column elementor-col-33 elementor-top-column elementor-element elementor-element-6074131\" data-id=\"6074131\" data-element_type=\"column\" data-e-type=\"column\">\n\t\t\t<div class=\"elementor-widget-wrap elementor-element-populated\">\n\t\t\t\t\t\t<div class=\"elementor-element elementor-element-0e95793 elementor-widget elementor-widget-image\" data-id=\"0e95793\" data-element_type=\"widget\" data-e-type=\"widget\" data-widget_type=\"image.default\">\n\t\t\t\t<div class=\"elementor-widget-container\">\n\t\t\t\t\t\t\t\t\t\t\t\t\t\t\t<img loading=\"lazy\" decoding=\"async\" width=\"683\" height=\"1024\" src=\"https:\/\/isabellerecloux.be\/wp-content\/uploads\/2023\/12\/DSC02921-683x1024.webp\" class=\"attachment-large size-large wp-image-2826\" alt=\"Atelier Canva d\u00e9cembre 2023\" srcset=\"https:\/\/isabellerecloux.be\/wp-content\/uploads\/2023\/12\/DSC02921-683x1024.webp 683w, https:\/\/isabellerecloux.be\/wp-content\/uploads\/2023\/12\/DSC02921-200x300.webp 200w, https:\/\/isabellerecloux.be\/wp-content\/uploads\/2023\/12\/DSC02921-768x1152.webp 768w, https:\/\/isabellerecloux.be\/wp-content\/uploads\/2023\/12\/DSC02921-1024x1536.webp 1024w, https:\/\/isabellerecloux.be\/wp-content\/uploads\/2023\/12\/DSC02921-scaled.webp 1280w\" sizes=\"(max-width: 683px) 100vw, 683px\" \/>\t\t\t\t\t\t\t\t\t\t\t\t\t\t\t<\/div>\n\t\t\t\t<\/div>\n\t\t\t\t\t<\/div>\n\t\t<\/div>\n\t\t\t\t<div class=\"elementor-column elementor-col-33 elementor-top-column elementor-element elementor-element-c4a168f\" data-id=\"c4a168f\" data-element_type=\"column\" data-e-type=\"column\">\n\t\t\t<div class=\"elementor-widget-wrap elementor-element-populated\">\n\t\t\t\t\t\t<div class=\"elementor-element elementor-element-fbe1edc elementor-widget elementor-widget-image\" data-id=\"fbe1edc\" data-element_type=\"widget\" data-e-type=\"widget\" data-widget_type=\"image.default\">\n\t\t\t\t<div class=\"elementor-widget-container\">\n\t\t\t\t\t\t\t\t\t\t\t\t\t\t\t<img loading=\"lazy\" decoding=\"async\" width=\"1024\" height=\"683\" src=\"https:\/\/isabellerecloux.be\/wp-content\/uploads\/2023\/12\/DSC02932-1024x683.webp\" class=\"attachment-large size-large wp-image-2828\" alt=\"Atelier Canva d\u00e9cembre 2023\" srcset=\"https:\/\/isabellerecloux.be\/wp-content\/uploads\/2023\/12\/DSC02932-1024x683.webp 1024w, https:\/\/isabellerecloux.be\/wp-content\/uploads\/2023\/12\/DSC02932-300x200.webp 300w, https:\/\/isabellerecloux.be\/wp-content\/uploads\/2023\/12\/DSC02932-768x512.webp 768w, https:\/\/isabellerecloux.be\/wp-content\/uploads\/2023\/12\/DSC02932-1536x1024.webp 1536w, https:\/\/isabellerecloux.be\/wp-content\/uploads\/2023\/12\/DSC02932-scaled.webp 1920w\" sizes=\"(max-width: 1024px) 100vw, 1024px\" \/>\t\t\t\t\t\t\t\t\t\t\t\t\t\t\t<\/div>\n\t\t\t\t<\/div>\n\t\t\t\t<div class=\"elementor-element elementor-element-d890dd5 elementor-widget elementor-widget-image\" data-id=\"d890dd5\" data-element_type=\"widget\" data-e-type=\"widget\" data-widget_type=\"image.default\">\n\t\t\t\t<div class=\"elementor-widget-container\">\n\t\t\t\t\t\t\t\t\t\t\t\t\t\t\t<img loading=\"lazy\" decoding=\"async\" width=\"1024\" height=\"768\" src=\"https:\/\/isabellerecloux.be\/wp-content\/uploads\/2023\/12\/IMG-20231210-WA0001-1024x768.webp\" class=\"attachment-large size-large wp-image-2827\" alt=\"Atelier Canva d\u00e9cembre 2023\" srcset=\"https:\/\/isabellerecloux.be\/wp-content\/uploads\/2023\/12\/IMG-20231210-WA0001-1024x768.webp 1024w, https:\/\/isabellerecloux.be\/wp-content\/uploads\/2023\/12\/IMG-20231210-WA0001-300x225.webp 300w, https:\/\/isabellerecloux.be\/wp-content\/uploads\/2023\/12\/IMG-20231210-WA0001-768x576.webp 768w, https:\/\/isabellerecloux.be\/wp-content\/uploads\/2023\/12\/IMG-20231210-WA0001-1536x1152.webp 1536w, https:\/\/isabellerecloux.be\/wp-content\/uploads\/2023\/12\/IMG-20231210-WA0001.webp 1920w\" sizes=\"(max-width: 1024px) 100vw, 1024px\" \/>\t\t\t\t\t\t\t\t\t\t\t\t\t\t\t<\/div>\n\t\t\t\t<\/div>\n\t\t\t\t\t<\/div>\n\t\t<\/div>\n\t\t\t\t\t<\/div>\n\t\t<\/section>\n\t\t\t\t<\/div>\n\t\t","protected":false},"excerpt":{"rendered":"<p>Ce 07 d\u00e9cembre, j&rsquo;ai organis\u00e9 mon premier atelier pratique de 2h en pr\u00e9sentiel \u00e0 Binche : \u00ab\u00a0Apprendre \u00e0 utiliser Canva pour publier sur les r\u00e9seaux sociaux\u00a0\u00bb. Et ce fut un succ\u00e8s ! 14 entrepreneurs bien d\u00e9cid\u00e9s \u00e0 monter en comp\u00e9tences ! Voici quelques images de cette soir\u00e9e m\u00e9morable. Les prochaines [&hellip;]<\/p>\n","protected":false},"author":1,"featured_media":0,"comment_status":"open","ping_status":"open","sticky":false,"template":"","format":"standard","meta":{"_monsterinsights_skip_tracking":false,"_monsterinsights_sitenote_active":false,"_monsterinsights_sitenote_note":"","_monsterinsights_sitenote_category":0,"footnotes":""},"categories":[1],"tags":[],"class_list":["post-2832","post","type-post","status-publish","format-standard","hentry","category-non-classe"],"mb":[],"yoast_head":"<!-- This site is optimized with the Yoast SEO plugin v27.5 - https:\/\/yoast.com\/product\/yoast-seo-wordpress\/ -->\n<title>Retour en images sur l&#039;atelier Canva du 07\/12\/2023 - Isabelle Recloux Management<\/title>\n<meta name=\"description\" content=\"Retour en images sur l&#039;Atelier Canva du 07 d\u00e9cembre 2023. 14 participants au top !\" \/>\n<meta name=\"robots\" content=\"index, follow, max-snippet:-1, max-image-preview:large, max-video-preview:-1\" \/>\n<link rel=\"canonical\" href=\"https:\/\/isabellerecloux.be\/index.php\/2023\/12\/11\/atelier-canva\/\" \/>\n<meta property=\"og:locale\" content=\"fr_FR\" \/>\n<meta property=\"og:type\" content=\"article\" \/>\n<meta property=\"og:title\" content=\"Retour en images sur l&#039;atelier Canva du 07\/12\/2023 - Isabelle Recloux Management\" \/>\n<meta property=\"og:description\" content=\"Retour en images sur l&#039;Atelier Canva du 07 d\u00e9cembre 2023. 14 participants au top !\" \/>\n<meta property=\"og:url\" content=\"https:\/\/isabellerecloux.be\/index.php\/2023\/12\/11\/atelier-canva\/\" \/>\n<meta property=\"og:site_name\" content=\"Isabelle Recloux Management\" \/>\n<meta property=\"article:publisher\" content=\"https:\/\/facebook.com\/isabellereclouxmanagement\" \/>\n<meta property=\"article:published_time\" content=\"2023-12-11T09:44:13+00:00\" \/>\n<meta property=\"article:modified_time\" content=\"2024-02-07T13:49:11+00:00\" \/>\n<meta property=\"og:image\" content=\"https:\/\/isabellerecloux.be\/wp-content\/uploads\/2023\/12\/DSC02940-1024x683.webp\" \/>\n<meta name=\"author\" content=\"Isabelle Recloux\" \/>\n<meta name=\"twitter:card\" content=\"summary_large_image\" \/>\n<meta name=\"twitter:label1\" content=\"\u00c9crit par\" \/>\n\t<meta name=\"twitter:data1\" content=\"Isabelle Recloux\" \/>\n\t<meta name=\"twitter:label2\" content=\"Dur\u00e9e de lecture estim\u00e9e\" \/>\n\t<meta name=\"twitter:data2\" content=\"2 minutes\" \/>\n<script type=\"application\/ld+json\" class=\"yoast-schema-graph\">{\"@context\":\"https:\\\/\\\/schema.org\",\"@graph\":[{\"@type\":\"Article\",\"@id\":\"https:\\\/\\\/isabellerecloux.be\\\/index.php\\\/2023\\\/12\\\/11\\\/atelier-canva\\\/#article\",\"isPartOf\":{\"@id\":\"https:\\\/\\\/isabellerecloux.be\\\/index.php\\\/2023\\\/12\\\/11\\\/atelier-canva\\\/\"},\"author\":{\"name\":\"Isabelle Recloux\",\"@id\":\"https:\\\/\\\/isabellerecloux.be\\\/#\\\/schema\\\/person\\\/cee8decad06f1f29ab45b6942492dd30\"},\"headline\":\"Retour en images sur l&rsquo;atelier Canva du 07\\\/12\\\/2023\",\"datePublished\":\"2023-12-11T09:44:13+00:00\",\"dateModified\":\"2024-02-07T13:49:11+00:00\",\"mainEntityOfPage\":{\"@id\":\"https:\\\/\\\/isabellerecloux.be\\\/index.php\\\/2023\\\/12\\\/11\\\/atelier-canva\\\/\"},\"wordCount\":66,\"commentCount\":0,\"publisher\":{\"@id\":\"https:\\\/\\\/isabellerecloux.be\\\/#organization\"},\"image\":{\"@id\":\"https:\\\/\\\/isabellerecloux.be\\\/index.php\\\/2023\\\/12\\\/11\\\/atelier-canva\\\/#primaryimage\"},\"thumbnailUrl\":\"https:\\\/\\\/isabellerecloux.be\\\/wp-content\\\/uploads\\\/2023\\\/12\\\/DSC02940-1024x683.webp\",\"inLanguage\":\"fr-FR\",\"potentialAction\":[{\"@type\":\"CommentAction\",\"name\":\"Comment\",\"target\":[\"https:\\\/\\\/isabellerecloux.be\\\/index.php\\\/2023\\\/12\\\/11\\\/atelier-canva\\\/#respond\"]}]},{\"@type\":\"WebPage\",\"@id\":\"https:\\\/\\\/isabellerecloux.be\\\/index.php\\\/2023\\\/12\\\/11\\\/atelier-canva\\\/\",\"url\":\"https:\\\/\\\/isabellerecloux.be\\\/index.php\\\/2023\\\/12\\\/11\\\/atelier-canva\\\/\",\"name\":\"Retour en images sur l'atelier Canva du 07\\\/12\\\/2023 - Isabelle Recloux Management\",\"isPartOf\":{\"@id\":\"https:\\\/\\\/isabellerecloux.be\\\/#website\"},\"primaryImageOfPage\":{\"@id\":\"https:\\\/\\\/isabellerecloux.be\\\/index.php\\\/2023\\\/12\\\/11\\\/atelier-canva\\\/#primaryimage\"},\"image\":{\"@id\":\"https:\\\/\\\/isabellerecloux.be\\\/index.php\\\/2023\\\/12\\\/11\\\/atelier-canva\\\/#primaryimage\"},\"thumbnailUrl\":\"https:\\\/\\\/isabellerecloux.be\\\/wp-content\\\/uploads\\\/2023\\\/12\\\/DSC02940-1024x683.webp\",\"datePublished\":\"2023-12-11T09:44:13+00:00\",\"dateModified\":\"2024-02-07T13:49:11+00:00\",\"description\":\"Retour en images sur l'Atelier Canva du 07 d\u00e9cembre 2023. 14 participants au top !\",\"breadcrumb\":{\"@id\":\"https:\\\/\\\/isabellerecloux.be\\\/index.php\\\/2023\\\/12\\\/11\\\/atelier-canva\\\/#breadcrumb\"},\"inLanguage\":\"fr-FR\",\"potentialAction\":[{\"@type\":\"ReadAction\",\"target\":[\"https:\\\/\\\/isabellerecloux.be\\\/index.php\\\/2023\\\/12\\\/11\\\/atelier-canva\\\/\"]}]},{\"@type\":\"ImageObject\",\"inLanguage\":\"fr-FR\",\"@id\":\"https:\\\/\\\/isabellerecloux.be\\\/index.php\\\/2023\\\/12\\\/11\\\/atelier-canva\\\/#primaryimage\",\"url\":\"https:\\\/\\\/isabellerecloux.be\\\/wp-content\\\/uploads\\\/2023\\\/12\\\/DSC02940-scaled.webp\",\"contentUrl\":\"https:\\\/\\\/isabellerecloux.be\\\/wp-content\\\/uploads\\\/2023\\\/12\\\/DSC02940-scaled.webp\",\"width\":1920,\"height\":1280,\"caption\":\"Atelier Canva pour publier sur Facebook - D\u00e9cembre 2023\"},{\"@type\":\"BreadcrumbList\",\"@id\":\"https:\\\/\\\/isabellerecloux.be\\\/index.php\\\/2023\\\/12\\\/11\\\/atelier-canva\\\/#breadcrumb\",\"itemListElement\":[{\"@type\":\"ListItem\",\"position\":1,\"name\":\"Accueil\",\"item\":\"https:\\\/\\\/isabellerecloux.be\\\/\"},{\"@type\":\"ListItem\",\"position\":2,\"name\":\"Retour en images sur l&rsquo;atelier Canva du 07\\\/12\\\/2023\"}]},{\"@type\":\"WebSite\",\"@id\":\"https:\\\/\\\/isabellerecloux.be\\\/#website\",\"url\":\"https:\\\/\\\/isabellerecloux.be\\\/\",\"name\":\"Isabelle Recloux Management\",\"description\":\"Formation - Consultance - Accompagnement\",\"publisher\":{\"@id\":\"https:\\\/\\\/isabellerecloux.be\\\/#organization\"},\"potentialAction\":[{\"@type\":\"SearchAction\",\"target\":{\"@type\":\"EntryPoint\",\"urlTemplate\":\"https:\\\/\\\/isabellerecloux.be\\\/?s={search_term_string}\"},\"query-input\":{\"@type\":\"PropertyValueSpecification\",\"valueRequired\":true,\"valueName\":\"search_term_string\"}}],\"inLanguage\":\"fr-FR\"},{\"@type\":\"Organization\",\"@id\":\"https:\\\/\\\/isabellerecloux.be\\\/#organization\",\"name\":\"Isabelle Recloux Management\",\"alternateName\":\"Isabelle Recloux\",\"url\":\"https:\\\/\\\/isabellerecloux.be\\\/\",\"logo\":{\"@type\":\"ImageObject\",\"inLanguage\":\"fr-FR\",\"@id\":\"https:\\\/\\\/isabellerecloux.be\\\/#\\\/schema\\\/logo\\\/image\\\/\",\"url\":\"https:\\\/\\\/isabellerecloux.be\\\/wp-content\\\/uploads\\\/2023\\\/06\\\/cropped-Logo-IRM.png\",\"contentUrl\":\"https:\\\/\\\/isabellerecloux.be\\\/wp-content\\\/uploads\\\/2023\\\/06\\\/cropped-Logo-IRM.png\",\"width\":512,\"height\":512,\"caption\":\"Isabelle Recloux Management\"},\"image\":{\"@id\":\"https:\\\/\\\/isabellerecloux.be\\\/#\\\/schema\\\/logo\\\/image\\\/\"},\"sameAs\":[\"https:\\\/\\\/facebook.com\\\/isabellereclouxmanagement\",\"https:\\\/\\\/www.linkedin.com\\\/in\\\/isabellerecloux\\\/\"]},{\"@type\":\"Person\",\"@id\":\"https:\\\/\\\/isabellerecloux.be\\\/#\\\/schema\\\/person\\\/cee8decad06f1f29ab45b6942492dd30\",\"name\":\"Isabelle Recloux\",\"image\":{\"@type\":\"ImageObject\",\"inLanguage\":\"fr-FR\",\"@id\":\"https:\\\/\\\/secure.gravatar.com\\\/avatar\\\/4cb8ea5d568e82d4e4e8bf7331b9c0fc899562cbd79988794086a752df0fc671?s=96&d=mm&r=g\",\"url\":\"https:\\\/\\\/secure.gravatar.com\\\/avatar\\\/4cb8ea5d568e82d4e4e8bf7331b9c0fc899562cbd79988794086a752df0fc671?s=96&d=mm&r=g\",\"contentUrl\":\"https:\\\/\\\/secure.gravatar.com\\\/avatar\\\/4cb8ea5d568e82d4e4e8bf7331b9c0fc899562cbd79988794086a752df0fc671?s=96&d=mm&r=g\",\"caption\":\"Isabelle Recloux\"},\"sameAs\":[\"https:\\\/\\\/isabellerecloux.be\"],\"url\":\"https:\\\/\\\/isabellerecloux.be\\\/index.php\\\/author\\\/admin6529\\\/\"}]}<\/script>\n<!-- \/ Yoast SEO plugin. -->","yoast_head_json":{"title":"Retour en images sur l'atelier Canva du 07\/12\/2023 - Isabelle Recloux Management","description":"Retour en images sur l'Atelier Canva du 07 d\u00e9cembre 2023. 14 participants au top !","robots":{"index":"index","follow":"follow","max-snippet":"max-snippet:-1","max-image-preview":"max-image-preview:large","max-video-preview":"max-video-preview:-1"},"canonical":"https:\/\/isabellerecloux.be\/index.php\/2023\/12\/11\/atelier-canva\/","og_locale":"fr_FR","og_type":"article","og_title":"Retour en images sur l'atelier Canva du 07\/12\/2023 - Isabelle Recloux Management","og_description":"Retour en images sur l'Atelier Canva du 07 d\u00e9cembre 2023. 14 participants au top !","og_url":"https:\/\/isabellerecloux.be\/index.php\/2023\/12\/11\/atelier-canva\/","og_site_name":"Isabelle Recloux Management","article_publisher":"https:\/\/facebook.com\/isabellereclouxmanagement","article_published_time":"2023-12-11T09:44:13+00:00","article_modified_time":"2024-02-07T13:49:11+00:00","og_image":[{"url":"https:\/\/isabellerecloux.be\/wp-content\/uploads\/2023\/12\/DSC02940-1024x683.webp","type":"","width":"","height":""}],"author":"Isabelle Recloux","twitter_card":"summary_large_image","twitter_misc":{"\u00c9crit par":"Isabelle Recloux","Dur\u00e9e de lecture estim\u00e9e":"2 minutes"},"schema":{"@context":"https:\/\/schema.org","@graph":[{"@type":"Article","@id":"https:\/\/isabellerecloux.be\/index.php\/2023\/12\/11\/atelier-canva\/#article","isPartOf":{"@id":"https:\/\/isabellerecloux.be\/index.php\/2023\/12\/11\/atelier-canva\/"},"author":{"name":"Isabelle Recloux","@id":"https:\/\/isabellerecloux.be\/#\/schema\/person\/cee8decad06f1f29ab45b6942492dd30"},"headline":"Retour en images sur l&rsquo;atelier Canva du 07\/12\/2023","datePublished":"2023-12-11T09:44:13+00:00","dateModified":"2024-02-07T13:49:11+00:00","mainEntityOfPage":{"@id":"https:\/\/isabellerecloux.be\/index.php\/2023\/12\/11\/atelier-canva\/"},"wordCount":66,"commentCount":0,"publisher":{"@id":"https:\/\/isabellerecloux.be\/#organization"},"image":{"@id":"https:\/\/isabellerecloux.be\/index.php\/2023\/12\/11\/atelier-canva\/#primaryimage"},"thumbnailUrl":"https:\/\/isabellerecloux.be\/wp-content\/uploads\/2023\/12\/DSC02940-1024x683.webp","inLanguage":"fr-FR","potentialAction":[{"@type":"CommentAction","name":"Comment","target":["https:\/\/isabellerecloux.be\/index.php\/2023\/12\/11\/atelier-canva\/#respond"]}]},{"@type":"WebPage","@id":"https:\/\/isabellerecloux.be\/index.php\/2023\/12\/11\/atelier-canva\/","url":"https:\/\/isabellerecloux.be\/index.php\/2023\/12\/11\/atelier-canva\/","name":"Retour en images sur l'atelier Canva du 07\/12\/2023 - Isabelle Recloux Management","isPartOf":{"@id":"https:\/\/isabellerecloux.be\/#website"},"primaryImageOfPage":{"@id":"https:\/\/isabellerecloux.be\/index.php\/2023\/12\/11\/atelier-canva\/#primaryimage"},"image":{"@id":"https:\/\/isabellerecloux.be\/index.php\/2023\/12\/11\/atelier-canva\/#primaryimage"},"thumbnailUrl":"https:\/\/isabellerecloux.be\/wp-content\/uploads\/2023\/12\/DSC02940-1024x683.webp","datePublished":"2023-12-11T09:44:13+00:00","dateModified":"2024-02-07T13:49:11+00:00","description":"Retour en images sur l'Atelier Canva du 07 d\u00e9cembre 2023. 14 participants au top !","breadcrumb":{"@id":"https:\/\/isabellerecloux.be\/index.php\/2023\/12\/11\/atelier-canva\/#breadcrumb"},"inLanguage":"fr-FR","potentialAction":[{"@type":"ReadAction","target":["https:\/\/isabellerecloux.be\/index.php\/2023\/12\/11\/atelier-canva\/"]}]},{"@type":"ImageObject","inLanguage":"fr-FR","@id":"https:\/\/isabellerecloux.be\/index.php\/2023\/12\/11\/atelier-canva\/#primaryimage","url":"https:\/\/isabellerecloux.be\/wp-content\/uploads\/2023\/12\/DSC02940-scaled.webp","contentUrl":"https:\/\/isabellerecloux.be\/wp-content\/uploads\/2023\/12\/DSC02940-scaled.webp","width":1920,"height":1280,"caption":"Atelier Canva pour publier sur Facebook - D\u00e9cembre 2023"},{"@type":"BreadcrumbList","@id":"https:\/\/isabellerecloux.be\/index.php\/2023\/12\/11\/atelier-canva\/#breadcrumb","itemListElement":[{"@type":"ListItem","position":1,"name":"Accueil","item":"https:\/\/isabellerecloux.be\/"},{"@type":"ListItem","position":2,"name":"Retour en images sur l&rsquo;atelier Canva du 07\/12\/2023"}]},{"@type":"WebSite","@id":"https:\/\/isabellerecloux.be\/#website","url":"https:\/\/isabellerecloux.be\/","name":"Isabelle Recloux Management","description":"Formation - Consultance - Accompagnement","publisher":{"@id":"https:\/\/isabellerecloux.be\/#organization"},"potentialAction":[{"@type":"SearchAction","target":{"@type":"EntryPoint","urlTemplate":"https:\/\/isabellerecloux.be\/?s={search_term_string}"},"query-input":{"@type":"PropertyValueSpecification","valueRequired":true,"valueName":"search_term_string"}}],"inLanguage":"fr-FR"},{"@type":"Organization","@id":"https:\/\/isabellerecloux.be\/#organization","name":"Isabelle Recloux Management","alternateName":"Isabelle Recloux","url":"https:\/\/isabellerecloux.be\/","logo":{"@type":"ImageObject","inLanguage":"fr-FR","@id":"https:\/\/isabellerecloux.be\/#\/schema\/logo\/image\/","url":"https:\/\/isabellerecloux.be\/wp-content\/uploads\/2023\/06\/cropped-Logo-IRM.png","contentUrl":"https:\/\/isabellerecloux.be\/wp-content\/uploads\/2023\/06\/cropped-Logo-IRM.png","width":512,"height":512,"caption":"Isabelle Recloux Management"},"image":{"@id":"https:\/\/isabellerecloux.be\/#\/schema\/logo\/image\/"},"sameAs":["https:\/\/facebook.com\/isabellereclouxmanagement","https:\/\/www.linkedin.com\/in\/isabellerecloux\/"]},{"@type":"Person","@id":"https:\/\/isabellerecloux.be\/#\/schema\/person\/cee8decad06f1f29ab45b6942492dd30","name":"Isabelle Recloux","image":{"@type":"ImageObject","inLanguage":"fr-FR","@id":"https:\/\/secure.gravatar.com\/avatar\/4cb8ea5d568e82d4e4e8bf7331b9c0fc899562cbd79988794086a752df0fc671?s=96&d=mm&r=g","url":"https:\/\/secure.gravatar.com\/avatar\/4cb8ea5d568e82d4e4e8bf7331b9c0fc899562cbd79988794086a752df0fc671?s=96&d=mm&r=g","contentUrl":"https:\/\/secure.gravatar.com\/avatar\/4cb8ea5d568e82d4e4e8bf7331b9c0fc899562cbd79988794086a752df0fc671?s=96&d=mm&r=g","caption":"Isabelle Recloux"},"sameAs":["https:\/\/isabellerecloux.be"],"url":"https:\/\/isabellerecloux.be\/index.php\/author\/admin6529\/"}]}},"mfb_rest_fields":["title","yoast_head","yoast_head_json","gutenberg_elementor_mode"],"_links":{"self":[{"href":"https:\/\/isabellerecloux.be\/index.php\/wp-json\/wp\/v2\/posts\/2832","targetHints":{"allow":["GET"]}}],"collection":[{"href":"https:\/\/isabellerecloux.be\/index.php\/wp-json\/wp\/v2\/posts"}],"about":[{"href":"https:\/\/isabellerecloux.be\/index.php\/wp-json\/wp\/v2\/types\/post"}],"author":[{"embeddable":true,"href":"https:\/\/isabellerecloux.be\/index.php\/wp-json\/wp\/v2\/users\/1"}],"replies":[{"embeddable":true,"href":"https:\/\/isabellerecloux.be\/index.php\/wp-json\/wp\/v2\/comments?post=2832"}],"version-history":[{"count":40,"href":"https:\/\/isabellerecloux.be\/index.php\/wp-json\/wp\/v2\/posts\/2832\/revisions"}],"predecessor-version":[{"id":3729,"href":"https:\/\/isabellerecloux.be\/index.php\/wp-json\/wp\/v2\/posts\/2832\/revisions\/3729"}],"wp:attachment":[{"href":"https:\/\/isabellerecloux.be\/index.php\/wp-json\/wp\/v2\/media?parent=2832"}],"wp:term":[{"taxonomy":"category","embeddable":true,"href":"https:\/\/isabellerecloux.be\/index.php\/wp-json\/wp\/v2\/categories?post=2832"},{"taxonomy":"post_tag","embeddable":true,"href":"https:\/\/isabellerecloux.be\/index.php\/wp-json\/wp\/v2\/tags?post=2832"}],"curies":[{"name":"wp","href":"https:\/\/api.w.org\/{rel}","templated":true}]}}